{"id":453,"date":"2022-02-15T22:22:46","date_gmt":"2022-02-16T01:22:46","guid":{"rendered":"http:\/\/entidadesintegradasdf.org.br\/novo\/?p=453"},"modified":"2022-02-15T22:24:47","modified_gmt":"2022-02-16T01:24:47","slug":"em-age-delegados-aderem-a-operacao-pcdf-legal-deflagrada-pela-categoria-dos-policiais-civis","status":"publish","type":"post","link":"https:\/\/entidadesintegradasdf.org.br\/novo\/em-age-delegados-aderem-a-operacao-pcdf-legal-deflagrada-pela-categoria-dos-policiais-civis\/","title":{"rendered":"Em AGE, Delegados aderem \u00e0 opera\u00e7\u00e3o PCDF Legal deflagrada pela categoria dos Policiais Civis"},"content":{"rendered":"\n<p>A Assembleia Extraordin\u00e1ria do Sindicato dos Delegados de Pol\u00edcia do Distrito Federal (Sindepo\/DF) aconteceu nesta quinta-feira (03\/02) e deliberou, por maioria de votos, pela ader\u00eancia constitucional \u00e0 opera\u00e7\u00e3o PCDF Legal, deflagrada ap\u00f3s a Assembleia do Sindicato dos Policiais Civis do DF (Sinpol-DF), na \u00faltima segunda-feira (31\/01).<\/p>\n\n\n\n<p>Dessa forma, durante a opera\u00e7\u00e3o, os servidores s\u00f3 devem executar a\u00e7\u00f5es de dilig\u00eancia, pris\u00f5es e apreens\u00f5es caso seja observado o n\u00famero m\u00ednimo de policiais civis que a atividade exige e somente em condi\u00e7\u00f5es totais de seguran\u00e7a.<\/p>\n\n\n\n<p>A inten\u00e7\u00e3o dos Delegados \u00e9 demonstrar apoio e uni\u00e3o aos Policiais Civis e For\u00e7as de Seguran\u00e7a na luta pelo recomposi\u00e7\u00e3o salarial.<br><br>Ao mesmo tempo em que a Pol\u00edcia Civil de Bras\u00edlia \u00e9 tida como a melhor e mais eficiente a n\u00edvel nacional, os delegados da PCDF ocupam, hoje, uma das piores coloca\u00e7\u00f5es no ranking salarial da categoria no pa\u00eds.<br>O presidente do Sindepo\/DF, Rafael Sampaio, frisou que o di\u00e1logo com o GDF tem demonstrado avan\u00e7os, mas a categoria ainda espera uma resposta quanto a percentual, tendo em vista que as Leis de Responsabilidade Fiscal e Eleitoral pro\u00edbem o aumento da despesa de pessoal expedido nos 180 dias anteriores ao final do mandato do titular do Poder.<\/p>\n\n\n\n<p>A segunda pauta deliberada pelos presentes tratou sobre o Servi\u00e7o Volunt\u00e1rio Gratificado (SVG) para o m\u00eas de mar\u00e7o que, por hora, ficar\u00e1 permitido \u00e0 categoria a marca\u00e7\u00e3o. A decis\u00e3o, entretanto, ser\u00e1 reavaliada em uma nova AGE, antes do carnaval, caso a categoria n\u00e3o receba nenhuma resposta do Governo.<\/p>\n\n\n\n<p>A n\u00e3o marca\u00e7\u00e3o do SVG para o m\u00eas de fevereiro, que continua valendo, ocasionou o deslocamento de agentes de atividades especiais para suprir escalas de plant\u00f5es, o que tem afetado servi\u00e7os essenciais \u00e0 popula\u00e7\u00e3o. \u201cTemos um m\u00eas para tratar com o governo e o sentimento \u00e9 de que as portas est\u00e3o abertas e uma proposta ser\u00e1 feita \u00e0 categoria nesse per\u00edodo\u201d, avaliou o presidente do Sindepo.<\/p>\n\n\n\n<p>Outras pautas<\/p>\n\n\n\n<p>Sindicalizado ao Sindepo, o Delegado-Geral da PCDF, Robson C\u00e2ndido esteve presente na AGE e sinalizou que as legisla\u00e7\u00f5es que alteram as condi\u00e7\u00f5es do INAS ser\u00e3o sancionadas na semana que vem e que em at\u00e9 20 dias o modelo j\u00e1 deve estar tra\u00e7ado.<\/p>\n\n\n\n<p>Os projetos que autorizam a majora\u00e7\u00e3o do aux\u00edlio-alimenta\u00e7\u00e3o e a cria\u00e7\u00e3o do aux\u00edlio-uniforme foram encaminhados \u00e0 CLDF.<\/p>\n","protected":false},"excerpt":{"rendered":"<p>A Assembleia Extraordin\u00e1ria do Sindicato dos Delegados de Pol\u00edcia do Distrito Federal (Sindepo\/DF) aconteceu nesta quinta-feira (03\/02) e deliberou, por maioria de votos, pela ader\u00eancia constitucional \u00e0 opera\u00e7\u00e3o PCDF Legal, deflagrada ap\u00f3s a Assembleia do Sindicato dos Policiais Civis do DF (Sinpol-DF), na \u00faltima segunda-feira (31\/01). Dessa forma, durante a opera\u00e7\u00e3o, os servidores s\u00f3 devem [&hellip;]<\/p>\n","protected":false},"author":1,"featured_media":458,"comment_status":"open","ping_status":"open","sticky":false,"template":"","format":"standard","meta":{"jnews-multi-image_gallery":[],"jnews_single_post":{"subtitle":"","format":"standard","video":"","gallery":"","source_name":"","source_url":"","via_name":"","via_url":"","override":[{"template":"1","single_blog_custom":"","parallax":"1","fullscreen":"1","layout":"right-sidebar","sidebar":"default-sidebar","second_sidebar":"default-sidebar","sticky_sidebar":"1","share_position":"top","share_float_style":"share-monocrhome","show_share_counter":"1","show_view_counter":"1","show_featured":"1","show_post_meta":"1","show_post_author":"1","show_post_author_image":"1","show_post_date":"1","post_date_format":"default","post_date_format_custom":"Y\/m\/d","show_post_category":"1","post_reading_time_wpm":"300","zoom_button_out_step":"2","zoom_button_in_step":"3","show_post_tag":"1","show_prev_next_post":"1","show_popup_post":"1","number_popup_post":"1"}],"image_override":[{"single_post_thumbnail_size":"crop-500","single_post_gallery_size":"crop-500"}],"trending_post_position":"meta","trending_post_label":"Trending","sponsored_post_label":"Sponsored by","sponsored_post_name":"","sponsored_post_url":"","sponsored_post_logo":"","sponsored_post_desc":""},"jnews_primary_category":{"id":""},"footnotes":""},"categories":[25],"tags":[],"class_list":["post-453","post","type-post","status-publish","format-standard","has-post-thumbnail","hentry","category-noticias"],"_links":{"self":[{"href":"https:\/\/entidadesintegradasdf.org.br\/novo\/wp-json\/wp\/v2\/posts\/453","targetHints":{"allow":["GET"]}}],"collection":[{"href":"https:\/\/entidadesintegradasdf.org.br\/novo\/wp-json\/wp\/v2\/posts"}],"about":[{"href":"https:\/\/entidadesintegradasdf.org.br\/novo\/wp-json\/wp\/v2\/types\/post"}],"author":[{"embeddable":true,"href":"https:\/\/entidadesintegradasdf.org.br\/novo\/wp-json\/wp\/v2\/users\/1"}],"replies":[{"embeddable":true,"href":"https:\/\/entidadesintegradasdf.org.br\/novo\/wp-json\/wp\/v2\/comments?post=453"}],"version-history":[{"count":1,"href":"https:\/\/entidadesintegradasdf.org.br\/novo\/wp-json\/wp\/v2\/posts\/453\/revisions"}],"predecessor-version":[{"id":454,"href":"https:\/\/entidadesintegradasdf.org.br\/novo\/wp-json\/wp\/v2\/posts\/453\/revisions\/454"}],"wp:featuredmedia":[{"embeddable":true,"href":"https:\/\/entidadesintegradasdf.org.br\/novo\/wp-json\/wp\/v2\/media\/458"}],"wp:attachment":[{"href":"https:\/\/entidadesintegradasdf.org.br\/novo\/wp-json\/wp\/v2\/media?parent=453"}],"wp:term":[{"taxonomy":"category","embeddable":true,"href":"https:\/\/entidadesintegradasdf.org.br\/novo\/wp-json\/wp\/v2\/categories?post=453"},{"taxonomy":"post_tag","embeddable":true,"href":"https:\/\/entidadesintegradasdf.org.br\/novo\/wp-json\/wp\/v2\/tags?post=453"}],"curies":[{"name":"wp","href":"https:\/\/api.w.org\/{rel}","templated":true}]}}