{"id":286,"date":"2021-12-08T11:29:59","date_gmt":"2021-12-08T14:29:59","guid":{"rendered":"http:\/\/entidadesintegradasdf.org.br\/novo\/?p=286"},"modified":"2022-02-15T22:25:48","modified_gmt":"2022-02-16T01:25:48","slug":"convenio-concurso-de-bolsas-sigma-2021","status":"publish","type":"post","link":"https:\/\/entidadesintegradasdf.org.br\/novo\/convenio-concurso-de-bolsas-sigma-2021\/","title":{"rendered":"Conv\u00eanio: Concurso de Bolsas Sigma \u2013 2021"},"content":{"rendered":"\n<p>Est\u00e3o abertas as inscri\u00e7\u00f5es para o Concurso de Bolsas 2021 do col\u00e9gio Sigma. Este ano, as provas ser\u00e3o realizadas em 2 dias:\u00a0<strong>28 e 29 de novembro de 2020<\/strong>, seguindo todos os protocolos de sa\u00fade. As bolsas t\u00eam descontos de 25%, 50% e at\u00e9 100% para o ano letivo de 2021. Acesse o link e fa\u00e7a a sua inscri\u00e7\u00e3o:\u00a0<a rel=\"noreferrer noopener\" href=\"https:\/\/sigmadf.com.br\/concurso-de-bolsas-2021\/\" target=\"_blank\">https:\/\/sigmadf.com.br\/concurso-de-bolsas-2021\/<\/a><\/p>\n","protected":false},"excerpt":{"rendered":"<p>Est\u00e3o abertas as inscri\u00e7\u00f5es para o Concurso de Bolsas 2021 do col\u00e9gio Sigma. Este ano, as provas ser\u00e3o realizadas em 2 dias:\u00a028 e 29 de novembro de 2020, seguindo todos os protocolos de sa\u00fade. As bolsas t\u00eam descontos de 25%, 50% e at\u00e9 100% para o ano letivo de 2021. Acesse o link e fa\u00e7a [&hellip;]<\/p>\n","protected":false},"author":1,"featured_media":287,"comment_status":"open","ping_status":"open","sticky":false,"template":"","format":"standard","meta":{"jnews-multi-image_gallery":[],"jnews_single_post":{"subtitle":"","format":"standard","video":"","gallery":"","source_name":"","source_url":"","via_name":"","via_url":"","override":[{"template":"1","single_blog_custom":"","parallax":"1","fullscreen":"1","layout":"right-sidebar","sidebar":"default-sidebar","second_sidebar":"default-sidebar","sticky_sidebar":"1","share_position":"top","share_float_style":"share-monocrhome","show_share_counter":"1","show_view_counter":"1","show_featured":"1","show_post_meta":"1","show_post_author":"1","show_post_author_image":"1","show_post_date":"1","post_date_format":"default","post_date_format_custom":"Y\/m\/d","show_post_category":"1","post_reading_time_wpm":"300","zoom_button_out_step":"2","zoom_button_in_step":"3","show_post_tag":"1","show_prev_next_post":"1","show_popup_post":"1","number_popup_post":"1"}],"image_override":[{"single_post_thumbnail_size":"crop-500","single_post_gallery_size":"crop-500"}],"trending_post_position":"meta","trending_post_label":"Trending","sponsored_post_label":"Sponsored by","sponsored_post_name":"","sponsored_post_url":"","sponsored_post_logo":"","sponsored_post_desc":""},"jnews_primary_category":{"id":""},"footnotes":""},"categories":[25],"tags":[],"class_list":["post-286","post","type-post","status-publish","format-standard","has-post-thumbnail","hentry","category-noticias"],"_links":{"self":[{"href":"https:\/\/entidadesintegradasdf.org.br\/novo\/wp-json\/wp\/v2\/posts\/286","targetHints":{"allow":["GET"]}}],"collection":[{"href":"https:\/\/entidadesintegradasdf.org.br\/novo\/wp-json\/wp\/v2\/posts"}],"about":[{"href":"https:\/\/entidadesintegradasdf.org.br\/novo\/wp-json\/wp\/v2\/types\/post"}],"author":[{"embeddable":true,"href":"https:\/\/entidadesintegradasdf.org.br\/novo\/wp-json\/wp\/v2\/users\/1"}],"replies":[{"embeddable":true,"href":"https:\/\/entidadesintegradasdf.org.br\/novo\/wp-json\/wp\/v2\/comments?post=286"}],"version-history":[{"count":1,"href":"https:\/\/entidadesintegradasdf.org.br\/novo\/wp-json\/wp\/v2\/posts\/286\/revisions"}],"predecessor-version":[{"id":288,"href":"https:\/\/entidadesintegradasdf.org.br\/novo\/wp-json\/wp\/v2\/posts\/286\/revisions\/288"}],"wp:featuredmedia":[{"embeddable":true,"href":"https:\/\/entidadesintegradasdf.org.br\/novo\/wp-json\/wp\/v2\/media\/287"}],"wp:attachment":[{"href":"https:\/\/entidadesintegradasdf.org.br\/novo\/wp-json\/wp\/v2\/media?parent=286"}],"wp:term":[{"taxonomy":"category","embeddable":true,"href":"https:\/\/entidadesintegradasdf.org.br\/novo\/wp-json\/wp\/v2\/categories?post=286"},{"taxonomy":"post_tag","embeddable":true,"href":"https:\/\/entidadesintegradasdf.org.br\/novo\/wp-json\/wp\/v2\/tags?post=286"}],"curies":[{"name":"wp","href":"https:\/\/api.w.org\/{rel}","templated":true}]}}