{"id":283,"date":"2021-12-08T11:28:46","date_gmt":"2021-12-08T14:28:46","guid":{"rendered":"http:\/\/entidadesintegradasdf.org.br\/novo\/?p=283"},"modified":"2021-12-08T11:28:47","modified_gmt":"2021-12-08T14:28:47","slug":"sindepo-discute-situacao-das-ceflags-com-direcao-do-dpc","status":"publish","type":"post","link":"https:\/\/entidadesintegradasdf.org.br\/novo\/sindepo-discute-situacao-das-ceflags-com-direcao-do-dpc\/","title":{"rendered":"Sindepo discute situa\u00e7\u00e3o das CEFLAG&#8217;s com dire\u00e7\u00e3o do DPC"},"content":{"rendered":"\n<p>Nessa data (20\/10), o presidente do Sindepo, Rafael Sampaio, esteve em reuni\u00e3o com o diretor do Departamento de Pol\u00edcia Circunscricional (DPC), Dr. Vicente Paranahiba, para tratar da quest\u00e3o relacionada ao apoio na CEFLAG&#8217;s.<\/p>\n\n\n\n<p>Conforme noticiado, o DPC informou que j\u00e1 solicitou \u00e0 DATE\/DGI n\u00fameros relacionado \u00e0s demandas das CEFLAG&#8217;s para reavaliar os apoios. O diretor esclareceu que a diminui\u00e7\u00e3o ocorreu devido \u00e0 cria\u00e7\u00e3o do plant\u00e3o na 18\u00aa DP e que n\u00e3o houve diminui\u00e7\u00e3o de volunt\u00e1rios para delegados.<\/p>\n\n\n\n<p>O DPC disse, ainda, que n\u00e3o h\u00e1 recursos extras para distribuir para volunt\u00e1rios e que os valores liberados pelo GDF s\u00e3o os mesmos, de R$ 3 milh\u00f5es por m\u00eas. Explicou que para restabelecer o apoio em todas as CEFLAG&#8217;s teria que tirar os volunt\u00e1rios que est\u00e3o sendo utilizados para promover substitui\u00e7\u00f5es, o que levaria a administra\u00e7\u00e3o a ter que escalar servidores dos cart\u00f3rios, sem SVG, para as substitui\u00e7\u00f5es, o que geraria insatisfa\u00e7\u00e3o.<\/p>\n\n\n\n<p>Dr. Vicente aduziu que o DPC vai calcular o n\u00famero de volunt\u00e1rios ideal para atender a toda a demanda do departamento e inapel\u00e1vel ao sindicato para que pleiteemos junto ao governo a solu\u00e7\u00e3o dos recursos.<\/p>\n\n\n\n<p>Esclareceu por fim que, se houver frustra\u00e7\u00e3o de substitui\u00e7\u00e3o por afastamentos nos dois pr\u00f3ximos meses, o que deve acontecer, o DPC poder\u00e1 ampliar os apoios.<\/p>\n","protected":false},"excerpt":{"rendered":"<p>Nessa data (20\/10), o presidente do Sindepo, Rafael Sampaio, esteve em reuni\u00e3o com o diretor do Departamento de Pol\u00edcia Circunscricional (DPC), Dr. Vicente Paranahiba, para tratar da quest\u00e3o relacionada ao apoio na CEFLAG&#8217;s. Conforme noticiado, o DPC informou que j\u00e1 solicitou \u00e0 DATE\/DGI n\u00fameros relacionado \u00e0s demandas das CEFLAG&#8217;s para reavaliar os apoios. O diretor [&hellip;]<\/p>\n","protected":false},"author":1,"featured_media":284,"comment_status":"open","ping_status":"open","sticky":false,"template":"","format":"standard","meta":{"jnews-multi-image_gallery":[],"jnews_single_post":{"subtitle":"","format":"standard","video":"","gallery":"","source_name":"","source_url":"","via_name":"","via_url":"","override":[{"template":"1","single_blog_custom":"","parallax":"1","fullscreen":"1","layout":"right-sidebar","sidebar":"default-sidebar","second_sidebar":"default-sidebar","sticky_sidebar":"1","share_position":"top","share_float_style":"share-monocrhome","show_share_counter":"1","show_view_counter":"1","show_featured":"1","show_post_meta":"1","show_post_author":"1","show_post_author_image":"1","show_post_date":"1","post_date_format":"default","post_date_format_custom":"Y\/m\/d","show_post_category":"1","post_reading_time_wpm":"300","zoom_button_out_step":"2","zoom_button_in_step":"3","show_post_tag":"1","show_prev_next_post":"1","show_popup_post":"1","number_popup_post":"1"}],"image_override":[{"single_post_thumbnail_size":"crop-500","single_post_gallery_size":"crop-500"}],"trending_post_position":"meta","trending_post_label":"Trending","sponsored_post_label":"Sponsored by","sponsored_post_name":"","sponsored_post_url":"","sponsored_post_logo":"","sponsored_post_desc":""},"jnews_primary_category":{"id":""},"footnotes":""},"categories":[31],"tags":[],"class_list":["post-283","post","type-post","status-publish","format-standard","has-post-thumbnail","hentry","category-sindepo-e-adepol"],"_links":{"self":[{"href":"https:\/\/entidadesintegradasdf.org.br\/novo\/wp-json\/wp\/v2\/posts\/283","targetHints":{"allow":["GET"]}}],"collection":[{"href":"https:\/\/entidadesintegradasdf.org.br\/novo\/wp-json\/wp\/v2\/posts"}],"about":[{"href":"https:\/\/entidadesintegradasdf.org.br\/novo\/wp-json\/wp\/v2\/types\/post"}],"author":[{"embeddable":true,"href":"https:\/\/entidadesintegradasdf.org.br\/novo\/wp-json\/wp\/v2\/users\/1"}],"replies":[{"embeddable":true,"href":"https:\/\/entidadesintegradasdf.org.br\/novo\/wp-json\/wp\/v2\/comments?post=283"}],"version-history":[{"count":1,"href":"https:\/\/entidadesintegradasdf.org.br\/novo\/wp-json\/wp\/v2\/posts\/283\/revisions"}],"predecessor-version":[{"id":285,"href":"https:\/\/entidadesintegradasdf.org.br\/novo\/wp-json\/wp\/v2\/posts\/283\/revisions\/285"}],"wp:featuredmedia":[{"embeddable":true,"href":"https:\/\/entidadesintegradasdf.org.br\/novo\/wp-json\/wp\/v2\/media\/284"}],"wp:attachment":[{"href":"https:\/\/entidadesintegradasdf.org.br\/novo\/wp-json\/wp\/v2\/media?parent=283"}],"wp:term":[{"taxonomy":"category","embeddable":true,"href":"https:\/\/entidadesintegradasdf.org.br\/novo\/wp-json\/wp\/v2\/categories?post=283"},{"taxonomy":"post_tag","embeddable":true,"href":"https:\/\/entidadesintegradasdf.org.br\/novo\/wp-json\/wp\/v2\/tags?post=283"}],"curies":[{"name":"wp","href":"https:\/\/api.w.org\/{rel}","templated":true}]}}