{"id":165,"date":"2021-12-01T16:09:44","date_gmt":"2021-12-01T19:09:44","guid":{"rendered":"http:\/\/entidadesintegradasdf.org.br\/novo\/?p=165"},"modified":"2021-12-01T16:11:21","modified_gmt":"2021-12-01T19:11:21","slug":"presidente-do-sindepo-participa-de-manifestacao-contra-a-pec-32","status":"publish","type":"post","link":"https:\/\/entidadesintegradasdf.org.br\/novo\/presidente-do-sindepo-participa-de-manifestacao-contra-a-pec-32\/","title":{"rendered":"Presidente do Sindepo participa de manifesta\u00e7\u00e3o contra a PEC 32"},"content":{"rendered":"\n<p>O presidente do Sindicato dos Delegados de Pol\u00edcia do Distrito Federal, Marcelo Portella, participou nesta ter\u00e7a-feira (28\/09) de uma manifesta\u00e7\u00e3o contra a PEC 32. O ato aconteceu em frente ao Anexo II da C\u00e2mara dos Deputados e contou com centenas de servidores p\u00fablicos de diversas categorias, que se reuniram para reivindicar que parlamentares n\u00e3o votem a favor desta, que promete ser a PEC do desmonte do servi\u00e7o p\u00fablico.<\/p>\n\n\n\n<p>Nos \u00faltimos dias, entidades representativas da classe, entre eles representantes da seguran\u00e7a p\u00fablica, se empenharam para mostrar indigna\u00e7\u00e3o contra os avan\u00e7os de uma Reforma nociva n\u00e3o s\u00f3 para suas carreiras, mas para a sociedade de maneira geral.<\/p>\n\n\n\n<p>Associa\u00e7\u00f5es e Sindicatos presentes no local afirmaram que continuar\u00e3o com manifesta\u00e7\u00f5es, que ocorrer\u00e3o de forma permanente no Aeroporto de Bras\u00edlia e na entrada do Anexo II da C\u00e2mara dos Deputados, e tamb\u00e9m em outros estados.<\/p>\n\n\n\n<p>De acordo com Portella, a press\u00e3o pol\u00edtica que vem sendo feita \u00e9 a chave para que a PEC 32 n\u00e3o prospere. \u201cPela qualidade do servi\u00e7o p\u00fablico, essa PEC n\u00e3o ir\u00e1 prosperar! Para isso, estamos aqui, mais uma vez, nos manifestando contra todos esses malef\u00edcios que est\u00e3o sendo inventados para prejudicar o servi\u00e7o p\u00fablico brasileiro\u201d, enfatizou o presidente do Sindepo.<\/p>\n\n\n\n<p>A Comiss\u00e3o Especial da Reforma Administrativa da C\u00e2mara aprovou o texto, relatado pelo deputado Arthur Maia (DEM-BA), na madrugada de sexta-feira (24\/09).<\/p>\n\n\n\n<p>\u201cO que n\u00f3s estamos recebendo de volta dos parlamentares \u00e9 que essa Proposta n\u00e3o ir\u00e1 vingar nem na C\u00e2mara, nem no Senado. Aqui, n\u00f3s estamos novamente perseguindo esse desejo do servidor p\u00fablico de que esse servi\u00e7o continue sendo atrativo, para que novas pessoas entrem no servi\u00e7o p\u00fablico de forma honesta, mediante concurso\u201d, afirmou o Portella.<\/p>\n\n\n\n<div class=\"wp-block-image\"><figure class=\"aligncenter size-full\"><img fetchpriority=\"high\" decoding=\"async\" width=\"567\" height=\"377\" src=\"http:\/\/entidadesintegradasdf.org.br\/novo\/wp-content\/uploads\/2021\/12\/image.png\" alt=\"\" class=\"wp-image-166\" srcset=\"https:\/\/entidadesintegradasdf.org.br\/novo\/wp-content\/uploads\/2021\/12\/image.png 567w, https:\/\/entidadesintegradasdf.org.br\/novo\/wp-content\/uploads\/2021\/12\/image-300x199.png 300w\" sizes=\"(max-width: 567px) 100vw, 567px\" \/><\/figure><\/div>\n","protected":false},"excerpt":{"rendered":"<p>O presidente do Sindicato dos Delegados de Pol\u00edcia do Distrito Federal, Marcelo Portella, participou nesta ter\u00e7a-feira (28\/09) de uma manifesta\u00e7\u00e3o contra a PEC 32. O ato aconteceu em frente ao Anexo II da C\u00e2mara dos Deputados e contou com centenas de servidores p\u00fablicos de diversas categorias, que se reuniram para reivindicar que parlamentares n\u00e3o votem [&hellip;]<\/p>\n","protected":false},"author":1,"featured_media":168,"comment_status":"open","ping_status":"open","sticky":false,"template":"","format":"standard","meta":{"jnews-multi-image_gallery":[],"jnews_single_post":{"subtitle":"","format":"standard","video":"","gallery":"","source_name":"","source_url":"","via_name":"","via_url":"","override":[{"template":"1","single_blog_custom":"","parallax":"1","fullscreen":"1","layout":"right-sidebar","sidebar":"default-sidebar","second_sidebar":"default-sidebar","sticky_sidebar":"1","share_position":"top","share_float_style":"share-monocrhome","show_share_counter":"1","show_view_counter":"1","show_featured":"1","show_post_meta":"1","show_post_author":"1","show_post_author_image":"1","show_post_date":"1","post_date_format":"default","post_date_format_custom":"Y\/m\/d","show_post_category":"1","post_reading_time_wpm":"300","zoom_button_out_step":"2","zoom_button_in_step":"3","show_post_tag":"1","show_prev_next_post":"1","show_popup_post":"1","number_popup_post":"1"}],"image_override":[{"single_post_thumbnail_size":"crop-500","single_post_gallery_size":"crop-500"}],"trending_post_position":"meta","trending_post_label":"Trending","sponsored_post_label":"Sponsored by","sponsored_post_name":"","sponsored_post_url":"","sponsored_post_logo":"","sponsored_post_desc":""},"jnews_primary_category":{"id":""},"footnotes":""},"categories":[25],"tags":[],"class_list":["post-165","post","type-post","status-publish","format-standard","has-post-thumbnail","hentry","category-noticias"],"_links":{"self":[{"href":"https:\/\/entidadesintegradasdf.org.br\/novo\/wp-json\/wp\/v2\/posts\/165","targetHints":{"allow":["GET"]}}],"collection":[{"href":"https:\/\/entidadesintegradasdf.org.br\/novo\/wp-json\/wp\/v2\/posts"}],"about":[{"href":"https:\/\/entidadesintegradasdf.org.br\/novo\/wp-json\/wp\/v2\/types\/post"}],"author":[{"embeddable":true,"href":"https:\/\/entidadesintegradasdf.org.br\/novo\/wp-json\/wp\/v2\/users\/1"}],"replies":[{"embeddable":true,"href":"https:\/\/entidadesintegradasdf.org.br\/novo\/wp-json\/wp\/v2\/comments?post=165"}],"version-history":[{"count":1,"href":"https:\/\/entidadesintegradasdf.org.br\/novo\/wp-json\/wp\/v2\/posts\/165\/revisions"}],"predecessor-version":[{"id":167,"href":"https:\/\/entidadesintegradasdf.org.br\/novo\/wp-json\/wp\/v2\/posts\/165\/revisions\/167"}],"wp:featuredmedia":[{"embeddable":true,"href":"https:\/\/entidadesintegradasdf.org.br\/novo\/wp-json\/wp\/v2\/media\/168"}],"wp:attachment":[{"href":"https:\/\/entidadesintegradasdf.org.br\/novo\/wp-json\/wp\/v2\/media?parent=165"}],"wp:term":[{"taxonomy":"category","embeddable":true,"href":"https:\/\/entidadesintegradasdf.org.br\/novo\/wp-json\/wp\/v2\/categories?post=165"},{"taxonomy":"post_tag","embeddable":true,"href":"https:\/\/entidadesintegradasdf.org.br\/novo\/wp-json\/wp\/v2\/tags?post=165"}],"curies":[{"name":"wp","href":"https:\/\/api.w.org\/{rel}","templated":true}]}}